{"id":990,"date":"2020-06-03T11:23:08","date_gmt":"2020-06-03T11:23:08","guid":{"rendered":"https:\/\/yogaparla.es\/?p=990"},"modified":"2020-06-03T14:59:37","modified_gmt":"2020-06-03T14:59:37","slug":"yoga-y-confinamiento-que-aprender-de-este-periodo","status":"publish","type":"post","link":"https:\/\/yogaparla.es\/?p=990","title":{"rendered":"Yoga y confinamiento: Qu\u00e9 aprender de este periodo"},"content":{"rendered":"\n<p>Queremos comenzar esta entrada con una cita de <strong>Abhijata Iyengar<\/strong>. En ella habla sobre el periodo de confinamiento durante la pandemia del Covid 19, m\u00e1s exactamente de la responsabilidad que tenemos ante esta situaci\u00f3n y como se vincula con la <a href=\"https:\/\/yogaparla.es\/como-son-nuestras-clases-de-yoga\">pr\u00e1ctica de asana<\/a>.<\/p>\n\n\n\n<blockquote class=\"wp-block-quote has-text-align-center is-layout-flow wp-block-quote-is-layout-flow\"><p><span class=\"has-inline-color has-vivid-purple-color\">\u00abSe trata de responsabilidad. Ver, pensar sobre todas las reacciones de nuestras acciones. No podemos hacer lo que nos parezca. \u00a1Oh! Quiero ir, quiero ser indulgente, quiero salir, quiero hacer lo que quiera, es mi libre albedr\u00edo, es mi vida. No, no es s\u00f3lo tu vida. Esta pandemia nos ha mostrado que no eres t\u00fa solo, no soy yo sola, no es India, no es UK, es el mundo entero, es toda la civilizaci\u00f3n.  As\u00ed que esas acciones que hacemos, debemos tener presente cu\u00e1les son las reacciones. Guruji dijo: cuando vais a asana no os dej\u00e9is arrastrar por las acciones sino entended cu\u00e1les son las reacciones. Lee las reacciones y despu\u00e9s convierte estas reacciones en acciones. Acci\u00f3n-Reacci\u00f3n. Eso te har\u00e1 progresar. Si te quedas atrapado en las acciones, estar\u00e1s muerto en ese espacio sin poder moverte hacia delante. As\u00ed que ahora, la mayor ense\u00f1anza que nos est\u00e1 dando esta pandemia es que somos responsables de todos aquellos que est\u00e1n a nuestro alrededor. <strong>Todo lo que haces es por ti, todo lo que haces es por la sociedad y todo lo que haces es por la naturaleza.<\/strong> Estas tres cosas coexisten simult\u00e1neamente y como estudiantes de yoga necesitamos ser conscientes de ello porque, por ejemplo, Parsvottanasana nos da esa magn\u00edfica lecci\u00f3n. \u00bfEn qu\u00e9? El ajuste del pie no es s\u00f3lo para s\u00ed mismo, ese ajuste es para \u00e9l mismo; es tambi\u00e9n para la sociedad, para la pierna, para el tronco, para la espalda; y es para la naturaleza, para la mente, para la respiraci\u00f3n.\u00bb<\/span><\/p><cite><span class=\"has-inline-color has-vivid-purple-color\">(Abhijata Iyengar)<\/span><\/cite><\/blockquote>\n\n\n\n<p>Por lo tanto, Abhijata Iyengar llama la atenci\u00f3n al concepto que debemos tener todos de <strong>responsabilidad<\/strong>. Pero lo une a un concepto que en otras ocasiones ha mencionado, el de la <strong>sensibilidad<\/strong>. <\/p>\n\n\n\n<p>Nos dice que, como insist\u00eda Guruji, debemos practicar  <strong>desde la sensibilidad<\/strong>. Una sensibilidad que entendemos como observaci\u00f3n y escucha de nuestro cuerpo. Una escucha que nos permitir\u00e1 sujetar nuestros sentidos para que se vuelquen hacia el interior. Y con esa presencia de los sentidos y la consciencia busquemos el ajuste interior a trav\u00e9s del entendimiento de las reacciones. Que ese ajuste nos lleve al alineamiento. Y como tantas veces nos repetir\u00e1n los maestros, sentir que el alineamiento es iluminaci\u00f3n. Como a ellos les gusta expresar: \u00ab<strong>Alignment is Enlightenment<\/strong>\u00ab.<\/p>\n\n\n\n<h2 class=\"wp-block-heading\">\u00bfC\u00f3mo entender la conexi\u00f3n: ajuste &#8211; sensibilidad &#8211; responsabilidad?<\/h2>\n\n\n\n<p>Dependiendo de nuestro nivel de pr\u00e1ctica, albergaremos en nuestra memoria m\u00e1s o menos ajustes o <strong>detalles t\u00e9cnicos<\/strong> para ejecutar un asana, a los cuales recurriremos cuando estemos practicando en casa. Y en este punto, nos podr\u00edamos preguntar: \u00bfqu\u00e9 son todos esos detalles? Pues esos detalles no son m\u00e1s que <strong>procesos mentales<\/strong> con los que transformar una simple postura en un asana. Pero entonces cabr\u00eda cuestionarse qu\u00e9 hacer: \u00bfNos centramos en los ajustes o en la sensibilidad? Bien, la respuesta es otra pregunta \u00bfAcaso son cosas incompatibles? Claramente no. <\/p>\n\n\n\n<p>Intentar\u00e9 explicarlo: podemos decir que tenemos varios elementos que unir dentro del campo de \u00abjuego\u00bb:<\/p>\n\n\n\n<ul class=\"wp-block-list\"><li>El <strong>nosotros<\/strong>: con cuerpo, mente y alma<\/li><li>La <strong>postura<\/strong>: que se debe transforma en asana<\/li><li>El <strong>asana<\/strong>: soporte o herramienta a trav\u00e9s de la cual alcanzar un estado de conocimiento, de iluminaci\u00f3n<\/li><li>La <strong>Iluminaci\u00f3n<\/strong> \/ <strong>Samadhi<\/strong>: un estado de Uni\u00f3n, el estadio superior del Yoga<\/li><li>El <strong>alineamiento<\/strong>: a trav\u00e9s del cual llegamos a la iluminaci\u00f3n<\/li><li>El <strong>ajuste<\/strong>: esencial para conseguir un alineamiento<\/li><\/ul>\n\n\n\n<p>Por lo tanto, como practicantes de yoga buscamos alcanzar ese estado de \u00abiluminaci\u00f3n\u00bb, de autoconocimiento, de uni\u00f3n&#8230; es decir, ese estadio final del Yoga. Para lograrlo, contamos con una herramienta que es \u00abasana\u00bb, traducida normalmente como postura pero que en s\u00ed implica algo m\u00e1s que una simple forma. Para que esa postura sea asana debemos realizar unos <strong>ajustes conscientes<\/strong> que nos permitan alcanzar un alineamiento.<\/p>\n\n\n\n<p> Con lo cual, el primer paso a la hora de trabajar con asana podr\u00edamos decir que son los \u00abajustes conscientes\u00bb, es decir, no solo debe haber ajuste sino que \u00e9stos deben ser conscientes. Y es aqu\u00ed donde reside la uni\u00f3n entre <em>sensibilidad<\/em> y <em>ajustes<\/em>.<\/p>\n\n\n\n<p>Vayamos primero a entender el termino ajuste. Podr\u00edamos decir que \u00e9stos pueden ser de dos tipos: <\/p>\n\n\n\n<ul class=\"wp-block-list\"><li>Aquellos que nos indica un\/a profesor\/a y nosotros ejecutamos<\/li><li>Aquellos que encontramos nosotros mismos a trav\u00e9s de la pr\u00e1ctica  <\/li><\/ul>\n\n\n\n<p>Como pod\u00e9is ver uno no suprime al otro. De hecho, la evoluci\u00f3n est\u00e1 en combinar los dos. Si solamente escuchamos a nuestro profesor dar indicaciones y nosotros las realizamos sin sentir lo que estos ajustes nos aportan (no solo a ese punto en concreto de nuestro cuerpo que ajustamos sino la repercusi\u00f3n que conlleva en otras partes, en la respiraci\u00f3n, en nuestra mente&#8230;) no estaremos en asana. Si por otro lado, hacemos \u00fanicamente una pr\u00e1ctica autodidacta enfoc\u00e1ndonos en las sensaciones en la postura y desde ah\u00ed buscar los ajustes, no digo que sea imposible, porque no lo es, pero creo que muy pocos podr\u00e1n llegar lejos. <\/p>\n\n\n\n<p>Por lo tanto, creo que la belleza est\u00e1 en el v\u00ednculo de las dos opciones. Creo que se hace necesaria la gu\u00eda de un profesor, porque al final, lo que nos va a transmitir es su proceso mental durante la ejecuci\u00f3n de un asana, que a su vez vendr\u00e1 determinada por dos elementos, la herencia de su maestro y su sensibilidad al practicar.    <\/p>\n\n\n\n<p>Sin embargo, una vez que entendemos esas indicaciones que vienen de fuera, debemos procesarlas imprimiendo nuestra consciencia, nuestra forma de entender, procesar y ejecutar, porque aunque el fin sea el mismo (el alineamiento), unas personas y unos cuerpos entender\u00e1n mejor un camino que otro. Y es en este punto donde se enmarca el termino \u00abajuste consciente\u00bb o \u00absensibilidad\u00bb.   <\/p>\n\n\n\n<p>Por ello, m\u00e1s que nunca debemos hacernos responsables de nuestra pr\u00e1ctica y que a trav\u00e9s de la sensibilidad y la responsabilidad podamos no solo avanzar en nuestra pr\u00e1ctica de asana sino tambi\u00e9n en la forma de afrontar cada situaci\u00f3n en la que nos embarcamos. Da igual que esa experiencia la hayamos elegido nosotros o que se nos haya impuesto, porque nuestra actitud debe incorporar los t\u00e9rminos responsabilidad y sensibilidad, acci\u00f3n y reacci\u00f3n. <\/p>\n","protected":false},"excerpt":{"rendered":"<p>Queremos comenzar esta entrada con una cita de Abhijata Iyengar. En ella habla sobre el periodo de confinamiento durante la pandemia del Covid 19, m\u00e1s exactamente de la responsabilidad que tenemos ante esta situaci\u00f3n y como se vincula con la pr\u00e1ctica de asana. \u00abSe trata de responsabilidad. Ver, pensar sobre todas las reacciones de nuestras &hellip; <\/p>\n<p class=\"link-more\"><a href=\"https:\/\/yogaparla.es\/?p=990\" class=\"more-link\">Continuar leyendo<span class=\"screen-reader-text\"> \u00abYoga y confinamiento: Qu\u00e9 aprender de este periodo\u00bb<\/span><\/a><\/p>\n","protected":false},"author":1,"featured_media":0,"comment_status":"closed","ping_status":"closed","sticky":false,"template":"","format":"standard","meta":{"footnotes":""},"categories":[8,31,14,34,6],"tags":[39,35,37,36,38,18],"class_list":["post-990","post","type-post","status-publish","format-standard","hentry","category-asana","category-iyengar","category-mushin","category-para-alumns","category-yoga","tag-abhijata-iyengar","tag-alignment","tag-alineamiento","tag-enlightenment","tag-iluminacion","tag-iyengar"],"_links":{"self":[{"href":"https:\/\/yogaparla.es\/index.php?rest_route=\/wp\/v2\/posts\/990","targetHints":{"allow":["GET"]}}],"collection":[{"href":"https:\/\/yogaparla.es\/index.php?rest_route=\/wp\/v2\/posts"}],"about":[{"href":"https:\/\/yogaparla.es\/index.php?rest_route=\/wp\/v2\/types\/post"}],"author":[{"embeddable":true,"href":"https:\/\/yogaparla.es\/index.php?rest_route=\/wp\/v2\/users\/1"}],"replies":[{"embeddable":true,"href":"https:\/\/yogaparla.es\/index.php?rest_route=%2Fwp%2Fv2%2Fcomments&post=990"}],"version-history":[{"count":16,"href":"https:\/\/yogaparla.es\/index.php?rest_route=\/wp\/v2\/posts\/990\/revisions"}],"predecessor-version":[{"id":1024,"href":"https:\/\/yogaparla.es\/index.php?rest_route=\/wp\/v2\/posts\/990\/revisions\/1024"}],"wp:attachment":[{"href":"https:\/\/yogaparla.es\/index.php?rest_route=%2Fwp%2Fv2%2Fmedia&parent=990"}],"wp:term":[{"taxonomy":"category","embeddable":true,"href":"https:\/\/yogaparla.es\/index.php?rest_route=%2Fwp%2Fv2%2Fcategories&post=990"},{"taxonomy":"post_tag","embeddable":true,"href":"https:\/\/yogaparla.es\/index.php?rest_route=%2Fwp%2Fv2%2Ftags&post=990"}],"curies":[{"name":"wp","href":"https:\/\/api.w.org\/{rel}","templated":true}]}}