{"id":1724,"date":"2022-06-01T15:28:39","date_gmt":"2022-06-01T15:28:39","guid":{"rendered":"https:\/\/yogaparla.es\/?p=1724"},"modified":"2022-06-01T15:32:54","modified_gmt":"2022-06-01T15:32:54","slug":"informacion-sobre-nuevas-inscripciones-curso-2022-23","status":"publish","type":"post","link":"https:\/\/yogaparla.es\/?p=1724","title":{"rendered":"Informaci\u00f3n sobre nuevas inscripciones Curso 2022\/23"},"content":{"rendered":"\n<p>Os confirmamos que ya contamos con el horario de las clases de yoga para el <strong>curso 2022\/23<\/strong>, que dar\u00e1 comienzo en el mes de septiembre. Como otros a\u00f1os, podr\u00e1s realizar la <strong>reserva<\/strong> de tus clases <strong>a partir del 15 de junio<\/strong>. <\/p>\n\n\n\n<p>A continuaci\u00f3n, te detallamos el horario y el acceso a la p\u00e1gina donde podr\u00e1s encontrar toda la informaci\u00f3n sobre el <strong>horario, precios y niveles<\/strong>.<\/p>\n\n\n\n<p>Si tienes cualquier consulta, no dudes en ponerte en contacto con nosotros.<\/p>\n\n\n\n<div class=\"wp-block-buttons is-content-justification-center is-layout-flex wp-block-buttons-is-layout-flex\">\n<div class=\"wp-block-button\"><a class=\"wp-block-button__link has-white-color has-vivid-purple-background-color has-text-color has-background\" href=\"https:\/\/yogaparla.es\/horario-clases-de-yoga-curso-2022-23\">Informaci\u00f3n Curso 2022\/23<\/a><\/div>\n<\/div>\n\n\n\n<figure class=\"wp-block-image size-large\"><img loading=\"lazy\" decoding=\"async\" width=\"1024\" height=\"1024\" src=\"https:\/\/yogaparla.es\/wp-content\/uploads\/2022\/06\/Post-horario-centro-estetica-vintage-rosa-1-1024x1024.jpg\" alt=\"\" class=\"wp-image-1726\" srcset=\"https:\/\/yogaparla.es\/wp-content\/uploads\/2022\/06\/Post-horario-centro-estetica-vintage-rosa-1-1024x1024.jpg 1024w, https:\/\/yogaparla.es\/wp-content\/uploads\/2022\/06\/Post-horario-centro-estetica-vintage-rosa-1-300x300.jpg 300w, https:\/\/yogaparla.es\/wp-content\/uploads\/2022\/06\/Post-horario-centro-estetica-vintage-rosa-1-150x150.jpg 150w, https:\/\/yogaparla.es\/wp-content\/uploads\/2022\/06\/Post-horario-centro-estetica-vintage-rosa-1-768x768.jpg 768w, https:\/\/yogaparla.es\/wp-content\/uploads\/2022\/06\/Post-horario-centro-estetica-vintage-rosa-1-1536x1536.jpg 1536w, https:\/\/yogaparla.es\/wp-content\/uploads\/2022\/06\/Post-horario-centro-estetica-vintage-rosa-1-2048x2048.jpg 2048w, https:\/\/yogaparla.es\/wp-content\/uploads\/2022\/06\/Post-horario-centro-estetica-vintage-rosa-1-100x100.jpg 100w, https:\/\/yogaparla.es\/wp-content\/uploads\/2022\/06\/Post-horario-centro-estetica-vintage-rosa-1-1320x1320.jpg 1320w\" sizes=\"auto, (max-width: 767px) 89vw, (max-width: 1000px) 54vw, (max-width: 1071px) 543px, 580px\" \/><figcaption> <\/figcaption><\/figure>\n","protected":false},"excerpt":{"rendered":"<p>Os confirmamos que ya contamos con el horario de las clases de yoga para el curso 2022\/23, que dar\u00e1 comienzo en el mes de septiembre. Como otros a\u00f1os, podr\u00e1s realizar la reserva de tus clases a partir del 15 de junio. A continuaci\u00f3n, te detallamos el horario y el acceso a la p\u00e1gina donde podr\u00e1s &hellip; <\/p>\n<p class=\"link-more\"><a href=\"https:\/\/yogaparla.es\/?p=1724\" class=\"more-link\">Continuar leyendo<span class=\"screen-reader-text\"> \u00abInformaci\u00f3n sobre nuevas inscripciones Curso 2022\/23\u00bb<\/span><\/a><\/p>\n","protected":false},"author":1,"featured_media":0,"comment_status":"open","ping_status":"open","sticky":false,"template":"","format":"standard","meta":{"footnotes":""},"categories":[8,14,9,6],"tags":[],"class_list":["post-1724","post","type-post","status-publish","format-standard","hentry","category-asana","category-mushin","category-pranayama","category-yoga"],"_links":{"self":[{"href":"https:\/\/yogaparla.es\/index.php?rest_route=\/wp\/v2\/posts\/1724","targetHints":{"allow":["GET"]}}],"collection":[{"href":"https:\/\/yogaparla.es\/index.php?rest_route=\/wp\/v2\/posts"}],"about":[{"href":"https:\/\/yogaparla.es\/index.php?rest_route=\/wp\/v2\/types\/post"}],"author":[{"embeddable":true,"href":"https:\/\/yogaparla.es\/index.php?rest_route=\/wp\/v2\/users\/1"}],"replies":[{"embeddable":true,"href":"https:\/\/yogaparla.es\/index.php?rest_route=%2Fwp%2Fv2%2Fcomments&post=1724"}],"version-history":[{"count":1,"href":"https:\/\/yogaparla.es\/index.php?rest_route=\/wp\/v2\/posts\/1724\/revisions"}],"predecessor-version":[{"id":1727,"href":"https:\/\/yogaparla.es\/index.php?rest_route=\/wp\/v2\/posts\/1724\/revisions\/1727"}],"wp:attachment":[{"href":"https:\/\/yogaparla.es\/index.php?rest_route=%2Fwp%2Fv2%2Fmedia&parent=1724"}],"wp:term":[{"taxonomy":"category","embeddable":true,"href":"https:\/\/yogaparla.es\/index.php?rest_route=%2Fwp%2Fv2%2Fcategories&post=1724"},{"taxonomy":"post_tag","embeddable":true,"href":"https:\/\/yogaparla.es\/index.php?rest_route=%2Fwp%2Fv2%2Ftags&post=1724"}],"curies":[{"name":"wp","href":"https:\/\/api.w.org\/{rel}","templated":true}]}}